{"id":3229,"date":"2026-04-27T11:04:07","date_gmt":"2026-04-27T09:04:07","guid":{"rendered":"https:\/\/mrfonden.se\/?p=3229"},"modified":"2026-04-27T11:05:57","modified_gmt":"2026-04-27T09:05:57","slug":"vald-och-svagt-skydd-driver-urfolk-i-sierra-nevada-in-i-okad-isolering","status":"publish","type":"post","link":"https:\/\/mrfonden.se\/en\/2026\/04\/27\/vald-och-svagt-skydd-driver-urfolk-i-sierra-nevada-in-i-okad-isolering\/","title":{"rendered":"Colombia: V\u00e5ld och svagt skydd driver urfolk i Sierra Nevada in i \u00f6kad isolering"},"content":{"rendered":"<p><strong><span class=\"TextRun SCXW197197255 BCX8\" lang=\"SV-SE\" xml:lang=\"SV-SE\" data-contrast=\"auto\"><span class=\"NormalTextRun SCXW197197255 BCX8\">N\u00e4r m\u00f6rkret faller \u00f6ver bergen i Sierra Nevada de Santa Marta f\u00f6r\u00e4ndras vardagen i urfolks<\/span><span class=\"NormalTextRun SCXW197197255 BCX8\">-samh\u00e4llena. R\u00f6relsefriheten minskar n\u00e4r familjer undviker vissa omr\u00e5den eller l\u00e4mnar sina hem tillf\u00e4lligt f\u00f6r att skydda barn och \u00e4ldre. Utvecklingen beskrivs som en gradvis isolering d\u00e4r b\u00e5de skolv\u00e4gar, odlingsmarker och sociala band p\u00e5verkas.<\/span><\/span><span class=\"EOP SCXW197197255 BCX8\" data-ccp-props=\"{}\">\u00a0<\/span><\/strong><\/p>\n<p style=\"padding-left: 120px;\"><img loading=\"lazy\" decoding=\"async\" class=\"wp-image-3233 alignnone\" src=\"http:\/\/mrfonden.se\/wp-content\/uploads\/2026\/04\/img-7816-760x570.jpeg\" alt=\"\" width=\"486\" height=\"365\" srcset=\"https:\/\/mrfonden.se\/wp-content\/uploads\/2026\/04\/img-7816-760x570.jpeg 760w, https:\/\/mrfonden.se\/wp-content\/uploads\/2026\/04\/img-7816-1520x1140.jpeg 1520w, https:\/\/mrfonden.se\/wp-content\/uploads\/2026\/04\/img-7816-768x576.jpeg 768w, https:\/\/mrfonden.se\/wp-content\/uploads\/2026\/04\/img-7816-1536x1152.jpeg 1536w, https:\/\/mrfonden.se\/wp-content\/uploads\/2026\/04\/img-7816-2048x1536.jpeg 2048w, https:\/\/mrfonden.se\/wp-content\/uploads\/2026\/04\/img-7816-16x12.jpeg 16w, https:\/\/mrfonden.se\/wp-content\/uploads\/2026\/04\/img-7816-77x58.jpeg 77w\" sizes=\"auto, (max-width: 486px) 100vw, 486px\" \/><\/p>\n<p><span data-contrast=\"auto\">Under \u00e5rets f\u00f6rsta m\u00e5nader har situationen i Sierra Nevada de Santa Marta i norra Colombia f\u00f6rv\u00e4rrats ytterligare. Regionen, som utg\u00f6r ett av landets mest betydelsefulla urfolksterritorier, pr\u00e4glas av en alltmer komplex humanit\u00e4r och m\u00e4nniskor\u00e4ttslig kris d\u00e4r v\u00e4pnade konflikter, territoriella intr\u00e5ng och bristande statligt skydd sammanfaller. Utvecklingen kopplas till en p\u00e5g\u00e5ende konflikt mellan tv\u00e5 v\u00e4pnade akt\u00f6rer i omr\u00e5det, Autodefensas Conquistadoras de la Sierra Nevada (ACSN) och Clan del Golfo, vars territoriella strider p\u00e5verkar civila urfolkssamh\u00e4llen i flera delar av regionen.<\/span><span data-ccp-props=\"{&quot;134233117&quot;:false,&quot;134233118&quot;:false,&quot;201341983&quot;:0,&quot;335551550&quot;:1,&quot;335551620&quot;:1,&quot;335559685&quot;:0,&quot;335559737&quot;:0,&quot;335559738&quot;:240,&quot;335559739&quot;:240,&quot;335559740&quot;:279}\">\u00a0<\/span><\/p>\n<p><span data-contrast=\"auto\">Urfolkssamh\u00e4llena, d\u00e4ribland Wiwa, Arhuaco, Kankuamo och Kogui, befinner sig i en allt mer utsatt position. V\u00e5ldet p\u00e5verkar inte enbart individers s\u00e4kerhet, utan sl\u00e5r direkt mot samh\u00e4llenas sociala struktur, kulturella kontinuitet och kollektiva r\u00e4ttigheter.\u00a0<\/span><\/p>\n<p><span data-contrast=\"auto\">En av de mest uppm\u00e4rksammade h\u00e4ndelserna \u00e4r mordet p\u00e5\u00a0<\/span><b><span data-contrast=\"auto\">Elizabeth\u00a0Mojica<\/span><\/b><span data-contrast=\"auto\">, en\u00a0Wiwa-l\u00e4rare i samh\u00e4llet La\u00a0Laguna. Enligt FN:s m\u00e4nniskor\u00e4ttskontor kopplas h\u00e4ndelsen till v\u00e4pnade grupper verksamma i omr\u00e5det. Hon beskrivs i lokala vittnesm\u00e5l som en central person i samh\u00e4llet,\u00a0en l\u00e4rare vars arbete omfattade b\u00e5de undervisning och uppr\u00e4tth\u00e5llandet av spr\u00e5k, kultur och social sammanh\u00e5llning.\u00a0Hennes d\u00f6d har blivit en symbol f\u00f6r den \u00f6kande risk som civila i urfolkssamh\u00e4llen m\u00f6ter i Sierra Nevada, d\u00e4r utbildningspersonal, ledare och familjer i allt h\u00f6gre grad p\u00e5verkas av v\u00e5ldets n\u00e4rvaro i vardagen.<\/span><span data-ccp-props=\"{&quot;134233117&quot;:false,&quot;134233118&quot;:false,&quot;335559738&quot;:240,&quot;335559739&quot;:240}\">\u00a0<\/span><\/p>\n<p><span data-contrast=\"auto\">Utvecklingen inneb\u00e4r f\u00f6r <\/span><span data-ccp-props=\"{&quot;134233117&quot;:false,&quot;134233118&quot;:false,&quot;335559738&quot;:299,&quot;335559739&quot;:299}\"><span class=\"TextRun SCXW121276883 BCX8\" lang=\"SV-SE\" xml:lang=\"SV-SE\" data-contrast=\"auto\"><span class=\"NormalTextRun SpellingErrorV2Themed SCXW121276883 BCX8\">W<\/span><span class=\"NormalTextRun SpellingErrorV2Themed SCXW121276883 BCX8\">iwa<\/span><span class=\"NormalTextRun SCXW121276883 BCX8\">\u2013<\/span><span class=\"NormalTextRun SCXW121276883 BCX8\">familjer inte bara en s\u00e4kerhetsrisk, utan en direkt p\u00e5verkan p\u00e5 livets mest grundl\u00e4ggande strukturer. Flera lokala vittnesm\u00e5l som dokumenterats av <\/span><span class=\"NormalTextRun SCXW121276883 BCX8\">m\u00e4nniskor\u00e4ttsorganisationer\u00a0<\/span><span class=\"NormalTextRun SCXW121276883 BCX8\">beskriver hur familjer begr\u00e4nsar sina r\u00f6relser, undviker vissa omr\u00e5den och i vissa fall l\u00e4mnar sina hem tempor\u00e4rt f\u00f6r att skydda barn och \u00e4ldre. Det handlar inte om en enskild h\u00e4ndelse, utan om en gradvis f\u00f6r\u00e4ndring av vardagen:\u00a0<\/span><span class=\"NormalTextRun SCXW121276883 BCX8\">skolv\u00e4gar<\/span><span class=\"NormalTextRun SCXW121276883 BCX8\">\u00a0som inte l\u00e4ngre anv\u00e4nds, odlingsmarker som inte l\u00e4ngre n\u00e5s och sociala relationer som bryts n\u00e4r samh\u00e4llen isoleras.<\/span><\/span><span class=\"EOP SCXW121276883 BCX8\" data-ccp-props=\"{&quot;134233117&quot;:false,&quot;134233118&quot;:false,&quot;201341983&quot;:0,&quot;335551550&quot;:1,&quot;335551620&quot;:1,&quot;335559685&quot;:0,&quot;335559737&quot;:0,&quot;335559738&quot;:240,&quot;335559739&quot;:240,&quot;335559740&quot;:279}\">\u00a0<\/span><\/span><\/p>\n<p><span class=\"TextRun SCXW133668181 BCX8\" lang=\"SV-SE\" xml:lang=\"SV-SE\" data-contrast=\"auto\"><span class=\"NormalTextRun SCXW133668181 BCX8\">I<\/span><span class=\"NormalTextRun SCXW133668181 BCX8\">nteramerikanska kommissionen f\u00f6r m\u00e4nskliga r\u00e4ttigheter (IACHR) har uttryckt allvarlig oro \u00f6ver utvecklingen i Sierra Nevada och konstaterar att v\u00e5ldet har f\u00f6rv\u00e4rrats, med fortsatta hot, tv\u00e5ngsf\u00f6rflyttningar och attacker mot urfolkssamh\u00e4llen.<\/span><span class=\"NormalTextRun SCXW133668181 BCX8\">\u00a0<\/span><span class=\"NormalTextRun SCXW133668181 BCX8\">Samtidigt varnar Colombias m\u00e4nniskor\u00e4ttsombudsman <\/span><span class=\"NormalTextRun SCXW133668181 BCX8\">f\u00f6r att v\u00e4pnade gruppers n\u00e4rvaro i urfolkens territorier skapar ett h\u00f6griskl\u00e4ge d\u00e4r civila uts\u00e4tts f\u00f6r hot, rekrytering och kraftigt begr\u00e4nsad r\u00f6relsefrihet.<\/span><\/span><span class=\"EOP SCXW133668181 BCX8\" data-ccp-props=\"{&quot;134233117&quot;:false,&quot;134233118&quot;:false,&quot;201341983&quot;:0,&quot;335551550&quot;:1,&quot;335551620&quot;:1,&quot;335559685&quot;:0,&quot;335559737&quot;:0,&quot;335559738&quot;:240,&quot;335559739&quot;:240,&quot;335559740&quot;:279}\">\u00a0<\/span><\/p>\n<p><b><span data-contrast=\"auto\">Sierra Nevada de Santa\u00a0Marta, ett\u00a0territorium under tryck<\/span><\/b><span data-ccp-props=\"{&quot;134233117&quot;:false,&quot;134233118&quot;:false,&quot;335559738&quot;:240,&quot;335559739&quot;:240}\">\u00a0<\/span><\/p>\n<p><span data-contrast=\"auto\">Sammantaget pekar IACHR, m\u00e4nniskor\u00e4ttsombudsmannen och m\u00e4nniskor\u00e4ttsorganisationer som v\u00e5r samarbetspartner CAJAR p\u00e5 ett m\u00f6nster d\u00e4r v\u00e4pnad n\u00e4rvaro, illegala ekonomier och svagt statligt skydd \u00f6verlappar. Resultatet \u00e4r en situation d\u00e4r urfolkens territorier gradvis fragmenteras och d\u00e4r civila samh\u00e4llen lever med en konstant os\u00e4kerhet som p\u00e5verkar alla delar av livet.<\/span><span data-ccp-props=\"{&quot;134233117&quot;:false,&quot;134233118&quot;:false,&quot;335559738&quot;:240,&quot;335559739&quot;:240}\">\u00a0<\/span><\/p>\n<p><span data-contrast=\"auto\">N\u00e4r familjer inte l\u00e4ngre kan r\u00f6ra sig fritt p\u00e5verkas tillg\u00e5ngen till mat och vatten. N\u00e4r samh\u00e4llen isoleras f\u00f6rsvagas utbildning och v\u00e5rd. N\u00e4r heliga platser inte l\u00e4ngre kan bes\u00f6kas bryts \u00e4ven kulturella och andliga praktiker som f\u00f6rts vidare i generationer.\u00a0F\u00f6r\u00a0Wiwa-folket \u00e4r detta inte en bieffekt av konflikten, utan dess mest konkreta konsekvens.<\/span><span data-ccp-props=\"{&quot;134233117&quot;:false,&quot;134233118&quot;:false,&quot;335559738&quot;:240,&quot;335559739&quot;:240}\">\u00a0<\/span><\/p>\n<p aria-level=\"2\"><b><span data-contrast=\"auto\">CAJAR: \u201dTerritoriet \u00e4r inte f\u00f6rhandlingsbart\u201d<\/span><\/b><span data-ccp-props=\"{&quot;134233117&quot;:false,&quot;134233118&quot;:false,&quot;134245418&quot;:true,&quot;134245529&quot;:true,&quot;335559738&quot;:299,&quot;335559739&quot;:299}\">\u00a0<\/span><\/p>\n<p><span data-contrast=\"auto\">Fonden f\u00f6r m\u00e4nskliga r\u00e4ttigheters samarbetspartner, Advokat kollektivet<\/span><b><span data-contrast=\"auto\">\u00a0<\/span><\/b><span data-contrast=\"auto\">Jos\u00e9\u00a0Alvear\u00a0Restrepo\u00a0(CAJAR), som arbetar n\u00e4ra\u00a0Wiwa- och andra urfolkssamh\u00e4llen\u00a0i omr\u00e5det, beskriver situationen som ett strukturellt angrepp p\u00e5 urfolkens r\u00e4ttigheter.\u00a0\u00a0Cajar\u00a0<\/span><span data-contrast=\"auto\">betonar att konflikten inte enbart handlar om s\u00e4kerhet, utan om kontroll \u00f6ver territorium som \u00e4r avg\u00f6rande f\u00f6r urfolkens kultur, andlighet och \u00f6verlevnad.<\/span><span data-ccp-props=\"{&quot;134233117&quot;:false,&quot;134233118&quot;:false,&quot;335559738&quot;:240,&quot;335559739&quot;:240}\">\u00a0<\/span><\/p>\n<p><span data-contrast=\"auto\">CAJAR kr\u00e4ver att skyddet av den s\u00e5 k<\/span><span data-contrast=\"auto\">allade\u00a0L\u00ednea\u00a0Negra\u00a0\u00e5teruppr\u00e4t<\/span><span data-contrast=\"auto\">tas och att urfolkens territoriella, kulturella och andliga r\u00e4ttigheter garanteras. F\u00f6r organisationen \u00e4r fr\u00e5gan tydlig: utan territoriellt skydd finns inget effektivt skydd f\u00f6r urfolkens liv.<\/span><span data-ccp-props=\"{&quot;134233117&quot;:false,&quot;134233118&quot;:false,&quot;335559738&quot;:240,&quot;335559739&quot;:240}\">\u00a0<\/span><\/p>\n<hr \/>\n<p><span style=\"color: #808080;\">L\u00ednea Negra \u00e4r inte en administrativ gr\u00e4ns i traditionell mening, utan en kollektiv och juridiskt erk\u00e4nd avgr\u00e4nsning som omger Sierra Nevada de Santa Marta. Den binder samman heliga platser, vattenk\u00e4llor, berg och kustpunkter som urfolken betraktar som avg\u00f6rande f\u00f6r naturens och v\u00e4rldens balans. Omr\u00e5det \u00e4r erk\u00e4nt av den colombianska staten och utg\u00f6r grunden f\u00f6r urfolkens r\u00e4tt till territoriellt skydd, kulturell \u00f6verlevnad och sj\u00e4lvbest\u00e4mmande. Samtidigt har gr\u00e4nsen blivit en central konfliktlinje, d\u00e4r urfolk och m\u00e4nniskor\u00e4ttsorganisationer varnar f\u00f6r att skyddet i praktiken f\u00f6rsvagas i takt med \u00f6kade intr\u00e5ng fr\u00e5n v\u00e4pnade och ekonomiska akt\u00f6rer.\u00a0<\/span><\/p>\n<hr \/>\n<p><span data-contrast=\"auto\">Vi fr\u00e5n Fonden f\u00f6r m\u00e4nskliga r\u00e4ttigheter uttrycker v\u00e5r djupa oro \u00f6ver utvecklingen i regionen och v\u00e5r solidaritet med de samh\u00e4llen som p\u00e5verkas av v\u00e5ldet. Situationen i Sierra Nevada \u00e4r inte en isolerad konflikt, utan en del av ett st\u00f6rre m\u00f6nster d\u00e4r urfolks r\u00e4tt till liv, territorium och sj\u00e4lvbest\u00e4mmande fortsatt utmanas. <\/span><span data-ccp-props=\"{&quot;134233117&quot;:false,&quot;134233118&quot;:false,&quot;335559738&quot;:240,&quot;335559739&quot;:240}\">\u00a0<\/span><\/p>\n<p><span data-contrast=\"auto\">Samarbetet med CAJAR m\u00f6jligg\u00f6r st\u00f6d till r\u00e4ttsprocesser, juridiskt arbete och dokumentation av \u00f6vergrepp. Detta st\u00e4rker motst\u00e5ndskraften och bidrar till att \u00f6ka\u00a0Wiwa-folkets m\u00f6jligheter till ansvarsutkr\u00e4vande genom folkbildning, medf\u00f6ljning och p\u00e5verkansarbete. Fonden f\u00f6r m\u00e4nskliga r\u00e4ttigheter kommer att forts\u00e4tta f\u00f6lja utvecklingen och verka f\u00f6r att dessa r\u00f6ster h\u00f6rs i internationella forum d\u00e4r ansvar och skydd beh\u00f6ver s\u00e4kerst\u00e4llas.<\/span><span data-ccp-props=\"{}\">\u00a0<\/span><\/p>\n<p aria-level=\"2\">","protected":false},"excerpt":{"rendered":"<p>N\u00e4r m\u00f6rkret faller \u00f6ver bergen i Sierra Nevada de Santa Marta f\u00f6r\u00e4ndras vardagen i urfolks-samh\u00e4llena. R\u00f6relsefriheten minskar n\u00e4r &hellip;<\/p>","protected":false},"author":5,"featured_media":3233,"comment_status":"closed","ping_status":"closed","sticky":false,"template":"","format":"standard","meta":{"_acf_changed":false,"footnotes":""},"class_list":["post-3229","post","type-post","status-publish","format-standard","has-post-thumbnail","hentry"],"acf":[],"yoast_head":"<title>Colombia: V\u00e5ld och svagt skydd driver urfolk i Sierra Nevada in i \u00f6kad isolering - Fonden f\u00f6r m\u00e4nskliga r\u00e4ttigheter (MR-Fonden)<\/title>\n<meta name=\"robots\" content=\"index, follow, max-snippet:-1, max-image-preview:large, max-video-preview:-1\" \/>\n<link rel=\"canonical\" href=\"https:\/\/mrfonden.se\/en\/2026\/04\/27\/vald-och-svagt-skydd-driver-urfolk-i-sierra-nevada-in-i-okad-isolering\/\" \/>\n<meta property=\"og:locale\" content=\"en_US\" \/>\n<meta property=\"og:type\" content=\"article\" \/>\n<meta property=\"og:title\" content=\"Colombia: V\u00e5ld och svagt skydd driver urfolk i Sierra Nevada in i \u00f6kad isolering - Fonden f\u00f6r m\u00e4nskliga r\u00e4ttigheter (MR-Fonden)\" \/>\n<meta property=\"og:description\" content=\"N\u00e4r m\u00f6rkret faller \u00f6ver bergen i Sierra Nevada de Santa Marta f\u00f6r\u00e4ndras vardagen i urfolks-samh\u00e4llena. R\u00f6relsefriheten minskar n\u00e4r &hellip;\" \/>\n<meta property=\"og:url\" content=\"https:\/\/mrfonden.se\/en\/2026\/04\/27\/vald-och-svagt-skydd-driver-urfolk-i-sierra-nevada-in-i-okad-isolering\/\" \/>\n<meta property=\"og:site_name\" content=\"Fonden f\u00f6r m\u00e4nskliga r\u00e4ttigheter (MR-Fonden)\" \/>\n<meta property=\"article:published_time\" content=\"2026-04-27T09:04:07+00:00\" \/>\n<meta property=\"article:modified_time\" content=\"2026-04-27T09:05:57+00:00\" \/>\n<meta property=\"og:image\" content=\"http:\/\/mrfonden.se\/wp-content\/uploads\/2026\/04\/img-7816-scaled.jpeg\" \/>\n\t<meta property=\"og:image:width\" content=\"2560\" \/>\n\t<meta property=\"og:image:height\" content=\"1920\" \/>\n\t<meta property=\"og:image:type\" content=\"image\/jpeg\" \/>\n<meta name=\"author\" content=\"Claudia Polo\" \/>\n<meta name=\"twitter:card\" content=\"summary_large_image\" \/>\n<meta name=\"twitter:label1\" content=\"Written by\" \/>\n\t<meta name=\"twitter:data1\" content=\"Claudia Polo\" \/>\n\t<meta name=\"twitter:label2\" content=\"Est. reading time\" \/>\n\t<meta name=\"twitter:data2\" content=\"5 minutes\" \/>\n<script type=\"application\/ld+json\" class=\"yoast-schema-graph\">{\"@context\":\"https:\/\/schema.org\",\"@graph\":[{\"@type\":\"WebPage\",\"@id\":\"https:\/\/mrfonden.se\/2026\/04\/27\/vald-och-svagt-skydd-driver-urfolk-i-sierra-nevada-in-i-okad-isolering\/\",\"url\":\"https:\/\/mrfonden.se\/2026\/04\/27\/vald-och-svagt-skydd-driver-urfolk-i-sierra-nevada-in-i-okad-isolering\/\",\"name\":\"Colombia: V\u00e5ld och svagt skydd driver urfolk i Sierra Nevada in i \u00f6kad isolering - Fonden f\u00f6r m\u00e4nskliga r\u00e4ttigheter (MR-Fonden)\",\"isPartOf\":{\"@id\":\"https:\/\/mrfonden.se\/#website\"},\"primaryImageOfPage\":{\"@id\":\"https:\/\/mrfonden.se\/2026\/04\/27\/vald-och-svagt-skydd-driver-urfolk-i-sierra-nevada-in-i-okad-isolering\/#primaryimage\"},\"image\":{\"@id\":\"https:\/\/mrfonden.se\/2026\/04\/27\/vald-och-svagt-skydd-driver-urfolk-i-sierra-nevada-in-i-okad-isolering\/#primaryimage\"},\"thumbnailUrl\":\"https:\/\/mrfonden.se\/wp-content\/uploads\/2026\/04\/img-7816-scaled.jpeg\",\"datePublished\":\"2026-04-27T09:04:07+00:00\",\"dateModified\":\"2026-04-27T09:05:57+00:00\",\"author\":{\"@id\":\"https:\/\/mrfonden.se\/#\/schema\/person\/6eab3aa4bf56de7ba4de6622c3cc14f8\"},\"breadcrumb\":{\"@id\":\"https:\/\/mrfonden.se\/2026\/04\/27\/vald-och-svagt-skydd-driver-urfolk-i-sierra-nevada-in-i-okad-isolering\/#breadcrumb\"},\"inLanguage\":\"en-US\",\"potentialAction\":[{\"@type\":\"ReadAction\",\"target\":[\"https:\/\/mrfonden.se\/2026\/04\/27\/vald-och-svagt-skydd-driver-urfolk-i-sierra-nevada-in-i-okad-isolering\/\"]}]},{\"@type\":\"ImageObject\",\"inLanguage\":\"en-US\",\"@id\":\"https:\/\/mrfonden.se\/2026\/04\/27\/vald-och-svagt-skydd-driver-urfolk-i-sierra-nevada-in-i-okad-isolering\/#primaryimage\",\"url\":\"https:\/\/mrfonden.se\/wp-content\/uploads\/2026\/04\/img-7816-scaled.jpeg\",\"contentUrl\":\"https:\/\/mrfonden.se\/wp-content\/uploads\/2026\/04\/img-7816-scaled.jpeg\",\"width\":2560,\"height\":1920},{\"@type\":\"BreadcrumbList\",\"@id\":\"https:\/\/mrfonden.se\/2026\/04\/27\/vald-och-svagt-skydd-driver-urfolk-i-sierra-nevada-in-i-okad-isolering\/#breadcrumb\",\"itemListElement\":[{\"@type\":\"ListItem\",\"position\":1,\"name\":\"Hem\",\"item\":\"https:\/\/mrfonden.se\/\"},{\"@type\":\"ListItem\",\"position\":2,\"name\":\"Colombia: V\u00e5ld och svagt skydd driver urfolk i Sierra Nevada in i \u00f6kad isolering\"}]},{\"@type\":\"WebSite\",\"@id\":\"https:\/\/mrfonden.se\/#website\",\"url\":\"https:\/\/mrfonden.se\/\",\"name\":\"Fonden f\u00f6r m\u00e4nskliga r\u00e4ttigheter (MR-Fonden)\",\"description\":\"\",\"potentialAction\":[{\"@type\":\"SearchAction\",\"target\":{\"@type\":\"EntryPoint\",\"urlTemplate\":\"https:\/\/mrfonden.se\/?s={search_term_string}\"},\"query-input\":{\"@type\":\"PropertyValueSpecification\",\"valueRequired\":true,\"valueName\":\"search_term_string\"}}],\"inLanguage\":\"en-US\"},{\"@type\":\"Person\",\"@id\":\"https:\/\/mrfonden.se\/#\/schema\/person\/6eab3aa4bf56de7ba4de6622c3cc14f8\",\"name\":\"Claudia Polo\",\"image\":{\"@type\":\"ImageObject\",\"inLanguage\":\"en-US\",\"@id\":\"https:\/\/mrfonden.se\/#\/schema\/person\/image\/\",\"url\":\"https:\/\/secure.gravatar.com\/avatar\/b51fa56e1f92dd54ff046faa4f9846aad91e7ff73c2532a4a5944f8e11724436?s=96&d=mm&r=g\",\"contentUrl\":\"https:\/\/secure.gravatar.com\/avatar\/b51fa56e1f92dd54ff046faa4f9846aad91e7ff73c2532a4a5944f8e11724436?s=96&d=mm&r=g\",\"caption\":\"Claudia Polo\"},\"url\":\"https:\/\/mrfonden.se\/en\/author\/claudia\/\"}]}<\/script>","yoast_head_json":{"title":"Colombia: V\u00e5ld och svagt skydd driver urfolk i Sierra Nevada in i \u00f6kad isolering - Fonden f\u00f6r m\u00e4nskliga r\u00e4ttigheter (MR-Fonden)","robots":{"index":"index","follow":"follow","max-snippet":"max-snippet:-1","max-image-preview":"max-image-preview:large","max-video-preview":"max-video-preview:-1"},"canonical":"https:\/\/mrfonden.se\/en\/2026\/04\/27\/vald-och-svagt-skydd-driver-urfolk-i-sierra-nevada-in-i-okad-isolering\/","og_locale":"en_US","og_type":"article","og_title":"Colombia: V\u00e5ld och svagt skydd driver urfolk i Sierra Nevada in i \u00f6kad isolering - Fonden f\u00f6r m\u00e4nskliga r\u00e4ttigheter (MR-Fonden)","og_description":"N\u00e4r m\u00f6rkret faller \u00f6ver bergen i Sierra Nevada de Santa Marta f\u00f6r\u00e4ndras vardagen i urfolks-samh\u00e4llena. R\u00f6relsefriheten minskar n\u00e4r &hellip;","og_url":"https:\/\/mrfonden.se\/en\/2026\/04\/27\/vald-och-svagt-skydd-driver-urfolk-i-sierra-nevada-in-i-okad-isolering\/","og_site_name":"Fonden f\u00f6r m\u00e4nskliga r\u00e4ttigheter (MR-Fonden)","article_published_time":"2026-04-27T09:04:07+00:00","article_modified_time":"2026-04-27T09:05:57+00:00","og_image":[{"width":2560,"height":1920,"url":"http:\/\/mrfonden.se\/wp-content\/uploads\/2026\/04\/img-7816-scaled.jpeg","type":"image\/jpeg"}],"author":"Claudia Polo","twitter_card":"summary_large_image","twitter_misc":{"Written by":"Claudia Polo","Est. reading time":"5 minutes"},"schema":{"@context":"https:\/\/schema.org","@graph":[{"@type":"WebPage","@id":"https:\/\/mrfonden.se\/2026\/04\/27\/vald-och-svagt-skydd-driver-urfolk-i-sierra-nevada-in-i-okad-isolering\/","url":"https:\/\/mrfonden.se\/2026\/04\/27\/vald-och-svagt-skydd-driver-urfolk-i-sierra-nevada-in-i-okad-isolering\/","name":"Colombia: V\u00e5ld och svagt skydd driver urfolk i Sierra Nevada in i \u00f6kad isolering - Fonden f\u00f6r m\u00e4nskliga r\u00e4ttigheter (MR-Fonden)","isPartOf":{"@id":"https:\/\/mrfonden.se\/#website"},"primaryImageOfPage":{"@id":"https:\/\/mrfonden.se\/2026\/04\/27\/vald-och-svagt-skydd-driver-urfolk-i-sierra-nevada-in-i-okad-isolering\/#primaryimage"},"image":{"@id":"https:\/\/mrfonden.se\/2026\/04\/27\/vald-och-svagt-skydd-driver-urfolk-i-sierra-nevada-in-i-okad-isolering\/#primaryimage"},"thumbnailUrl":"https:\/\/mrfonden.se\/wp-content\/uploads\/2026\/04\/img-7816-scaled.jpeg","datePublished":"2026-04-27T09:04:07+00:00","dateModified":"2026-04-27T09:05:57+00:00","author":{"@id":"https:\/\/mrfonden.se\/#\/schema\/person\/6eab3aa4bf56de7ba4de6622c3cc14f8"},"breadcrumb":{"@id":"https:\/\/mrfonden.se\/2026\/04\/27\/vald-och-svagt-skydd-driver-urfolk-i-sierra-nevada-in-i-okad-isolering\/#breadcrumb"},"inLanguage":"en-US","potentialAction":[{"@type":"ReadAction","target":["https:\/\/mrfonden.se\/2026\/04\/27\/vald-och-svagt-skydd-driver-urfolk-i-sierra-nevada-in-i-okad-isolering\/"]}]},{"@type":"ImageObject","inLanguage":"en-US","@id":"https:\/\/mrfonden.se\/2026\/04\/27\/vald-och-svagt-skydd-driver-urfolk-i-sierra-nevada-in-i-okad-isolering\/#primaryimage","url":"https:\/\/mrfonden.se\/wp-content\/uploads\/2026\/04\/img-7816-scaled.jpeg","contentUrl":"https:\/\/mrfonden.se\/wp-content\/uploads\/2026\/04\/img-7816-scaled.jpeg","width":2560,"height":1920},{"@type":"BreadcrumbList","@id":"https:\/\/mrfonden.se\/2026\/04\/27\/vald-och-svagt-skydd-driver-urfolk-i-sierra-nevada-in-i-okad-isolering\/#breadcrumb","itemListElement":[{"@type":"ListItem","position":1,"name":"Hem","item":"https:\/\/mrfonden.se\/"},{"@type":"ListItem","position":2,"name":"Colombia: V\u00e5ld och svagt skydd driver urfolk i Sierra Nevada in i \u00f6kad isolering"}]},{"@type":"WebSite","@id":"https:\/\/mrfonden.se\/#website","url":"https:\/\/mrfonden.se\/","name":"Fonden f\u00f6r m\u00e4nskliga r\u00e4ttigheter (MR-Fonden)","description":"","potentialAction":[{"@type":"SearchAction","target":{"@type":"EntryPoint","urlTemplate":"https:\/\/mrfonden.se\/?s={search_term_string}"},"query-input":{"@type":"PropertyValueSpecification","valueRequired":true,"valueName":"search_term_string"}}],"inLanguage":"en-US"},{"@type":"Person","@id":"https:\/\/mrfonden.se\/#\/schema\/person\/6eab3aa4bf56de7ba4de6622c3cc14f8","name":"Claudia Polo","image":{"@type":"ImageObject","inLanguage":"en-US","@id":"https:\/\/mrfonden.se\/#\/schema\/person\/image\/","url":"https:\/\/secure.gravatar.com\/avatar\/b51fa56e1f92dd54ff046faa4f9846aad91e7ff73c2532a4a5944f8e11724436?s=96&d=mm&r=g","contentUrl":"https:\/\/secure.gravatar.com\/avatar\/b51fa56e1f92dd54ff046faa4f9846aad91e7ff73c2532a4a5944f8e11724436?s=96&d=mm&r=g","caption":"Claudia Polo"},"url":"https:\/\/mrfonden.se\/en\/author\/claudia\/"}]}},"_links":{"self":[{"href":"https:\/\/mrfonden.se\/en\/wp-json\/wp\/v2\/posts\/3229","targetHints":{"allow":["GET"]}}],"collection":[{"href":"https:\/\/mrfonden.se\/en\/wp-json\/wp\/v2\/posts"}],"about":[{"href":"https:\/\/mrfonden.se\/en\/wp-json\/wp\/v2\/types\/post"}],"author":[{"embeddable":true,"href":"https:\/\/mrfonden.se\/en\/wp-json\/wp\/v2\/users\/5"}],"replies":[{"embeddable":true,"href":"https:\/\/mrfonden.se\/en\/wp-json\/wp\/v2\/comments?post=3229"}],"version-history":[{"count":14,"href":"https:\/\/mrfonden.se\/en\/wp-json\/wp\/v2\/posts\/3229\/revisions"}],"predecessor-version":[{"id":3244,"href":"https:\/\/mrfonden.se\/en\/wp-json\/wp\/v2\/posts\/3229\/revisions\/3244"}],"wp:featuredmedia":[{"embeddable":true,"href":"https:\/\/mrfonden.se\/en\/wp-json\/wp\/v2\/media\/3233"}],"wp:attachment":[{"href":"https:\/\/mrfonden.se\/en\/wp-json\/wp\/v2\/media?parent=3229"}],"curies":[{"name":"wp","href":"https:\/\/api.w.org\/{rel}","templated":true}]}}